{"id":1285,"date":"2021-05-24T07:30:00","date_gmt":"2021-05-24T06:30:00","guid":{"rendered":"https:\/\/www.lucmassontodeschini.com\/?p=1285"},"modified":"2021-05-24T12:17:47","modified_gmt":"2021-05-24T11:17:47","slug":"projet-expression-olivier-ou-mon-oeil","status":"publish","type":"post","link":"https:\/\/www.lucmassontodeschini.com\/?p=1285","title":{"rendered":"Projet Expression: Olivier ou mon oeil"},"content":{"rendered":"\n<figure class=\"wp-block-image size-large is-style-default\"><a href=\"https:\/\/www.lucmassontodeschini.com\/wp-content\/uploads\/olivierprisetete.jpg\"><img loading=\"lazy\" decoding=\"async\" width=\"732\" height=\"1024\" src=\"https:\/\/www.lucmassontodeschini.com\/wp-content\/uploads\/olivierprisetete-732x1024.jpg\" alt=\"Projet Expression: Olivier ou mon oeil\" class=\"wp-image-1284\" srcset=\"https:\/\/www.lucmassontodeschini.com\/wp-content\/uploads\/olivierprisetete-732x1024.jpg 732w, https:\/\/www.lucmassontodeschini.com\/wp-content\/uploads\/olivierprisetete-215x300.jpg 215w, https:\/\/www.lucmassontodeschini.com\/wp-content\/uploads\/olivierprisetete-768x1074.jpg 768w, https:\/\/www.lucmassontodeschini.com\/wp-content\/uploads\/olivierprisetete.jpg 1001w\" sizes=\"(max-width: 709px) 85vw, (max-width: 909px) 67vw, (max-width: 984px) 61vw, (max-width: 1362px) 45vw, 600px\" \/><\/a><figcaption>Olivier Autissier, photographe de son \u00e9tat, fatigu\u00e9 de Paris, vient de prendre quartiers dans les C\u00e9vennes, mais avant son d\u00e9part, il m&rsquo;a fait l&rsquo;honneur de poser pour mon projet Expression. Nous n&rsquo;avons fait que 2 images, la premi\u00e8re en noir et blanc avec l&rsquo;expression que j&rsquo;avais capt\u00e9e (du premier coup), et la seconde qui est celle-ci en couleur. Traditionnellement sur ce projet, je laisse le mod\u00e8le choisir sa posture selon son inspiration pour la photo en couleur, voici donc le fruit de cette collaboration.  <br><br>Olivier Autissier, photographer, tired of Paris, just moved in Cevennes, but before he left, he gave me the honor to participate to my project Expression. We made only 2 photos, the first one in black&amp;white with the expression I spoted (good at the first shot), and the second one in color. Usually for this project, I let the model choosing his posture according to his inspiration for the color one, and this is the result of our collaboration.<\/figcaption><\/figure>\n","protected":false},"excerpt":{"rendered":"","protected":false},"author":1,"featured_media":0,"comment_status":"open","ping_status":"open","sticky":false,"template":"","format":"standard","meta":{"advanced_seo_description":"","jetpack_seo_html_title":"","jetpack_seo_noindex":false,"jetpack_post_was_ever_published":false,"_jetpack_newsletter_access":"","_jetpack_dont_email_post_to_subs":false,"_jetpack_newsletter_tier_id":0,"_jetpack_memberships_contains_paywalled_content":false,"_jetpack_memberships_contains_paid_content":false,"footnotes":"","jetpack_publicize_message":"","jetpack_publicize_feature_enabled":true,"jetpack_social_post_already_shared":true,"jetpack_social_options":{"image_generator_settings":{"template":"highway","enabled":false},"version":2}},"categories":[3],"tags":[],"class_list":["post-1285","post","type-post","status-publish","format-standard","hentry","category-polaroid"],"jetpack_publicize_connections":[],"jetpack_featured_media_url":"","jetpack_sharing_enabled":true,"jetpack_shortlink":"https:\/\/wp.me\/p6d5SP-kJ","_links":{"self":[{"href":"https:\/\/www.lucmassontodeschini.com\/index.php?rest_route=\/wp\/v2\/posts\/1285"}],"collection":[{"href":"https:\/\/www.lucmassontodeschini.com\/index.php?rest_route=\/wp\/v2\/posts"}],"about":[{"href":"https:\/\/www.lucmassontodeschini.com\/index.php?rest_route=\/wp\/v2\/types\/post"}],"author":[{"embeddable":true,"href":"https:\/\/www.lucmassontodeschini.com\/index.php?rest_route=\/wp\/v2\/users\/1"}],"replies":[{"embeddable":true,"href":"https:\/\/www.lucmassontodeschini.com\/index.php?rest_route=%2Fwp%2Fv2%2Fcomments&post=1285"}],"version-history":[{"count":2,"href":"https:\/\/www.lucmassontodeschini.com\/index.php?rest_route=\/wp\/v2\/posts\/1285\/revisions"}],"predecessor-version":[{"id":1287,"href":"https:\/\/www.lucmassontodeschini.com\/index.php?rest_route=\/wp\/v2\/posts\/1285\/revisions\/1287"}],"wp:attachment":[{"href":"https:\/\/www.lucmassontodeschini.com\/index.php?rest_route=%2Fwp%2Fv2%2Fmedia&parent=1285"}],"wp:term":[{"taxonomy":"category","embeddable":true,"href":"https:\/\/www.lucmassontodeschini.com\/index.php?rest_route=%2Fwp%2Fv2%2Fcategories&post=1285"},{"taxonomy":"post_tag","embeddable":true,"href":"https:\/\/www.lucmassontodeschini.com\/index.php?rest_route=%2Fwp%2Fv2%2Ftags&post=1285"}],"curies":[{"name":"wp","href":"https:\/\/api.w.org\/{rel}","templated":true}]}}