{"id":1354,"date":"2022-03-18T09:52:43","date_gmt":"2022-03-18T08:52:43","guid":{"rendered":"https:\/\/www.lucmassontodeschini.com\/?p=1354"},"modified":"2022-03-18T09:52:43","modified_gmt":"2022-03-18T08:52:43","slug":"expolaroid-2022-la-10eme-edition","status":"publish","type":"post","link":"https:\/\/www.lucmassontodeschini.com\/?p=1354","title":{"rendered":"Expolaroid 2022: la 10\u00e8me \u00e9dition"},"content":{"rendered":"\n<figure class=\"wp-block-image size-large\"><img loading=\"lazy\" decoding=\"async\" width=\"701\" height=\"1024\" src=\"https:\/\/www.lucmassontodeschini.com\/wp-content\/uploads\/expolaroid-paris-2022-hangart-701x1024.jpg\" alt=\"Pour la 10\u00e8me \u00e9dition, je ferai partie d\u2019une exposition collective au Hang\u2019Art, un lieu tr\u00e8s sympa \u00e0 deux pas de chez moi dans le 19\u00e8me arrondissement. J\u2019y pr\u00e9senterai une r\u00e9trospective de mes maintes participations \u00e0 ce festival iconique de la photo instantan\u00e9e. Venez nombreuses et nombreux. L'exposition commence le 1er avril mais le vernissage se d\u00e9roulera  le 13 avril \u00e0 partir de 18h30.\n\nFor the 10th edition, I will be part of a collective exhibition at the Hang'Art, a very nice place near my appartment in the 19th arrondissmeent. I will be showing a retrospective of all my participation to this iconic instant photography festival. Do not hesitate to come for a visit. The exhibition will start on the 1st of April but the great opening will take place on the 13th of April at 06:30 pm.\" class=\"wp-image-1353\" srcset=\"https:\/\/www.lucmassontodeschini.com\/wp-content\/uploads\/expolaroid-paris-2022-hangart-701x1024.jpg 701w, https:\/\/www.lucmassontodeschini.com\/wp-content\/uploads\/expolaroid-paris-2022-hangart-205x300.jpg 205w, https:\/\/www.lucmassontodeschini.com\/wp-content\/uploads\/expolaroid-paris-2022-hangart-768x1122.jpg 768w, https:\/\/www.lucmassontodeschini.com\/wp-content\/uploads\/expolaroid-paris-2022-hangart-1051x1536.jpg 1051w, https:\/\/www.lucmassontodeschini.com\/wp-content\/uploads\/expolaroid-paris-2022-hangart-1402x2048.jpg 1402w, https:\/\/www.lucmassontodeschini.com\/wp-content\/uploads\/expolaroid-paris-2022-hangart-1200x1753.jpg 1200w, https:\/\/www.lucmassontodeschini.com\/wp-content\/uploads\/expolaroid-paris-2022-hangart-scaled.jpg 1752w\" sizes=\"(max-width: 709px) 85vw, (max-width: 909px) 67vw, (max-width: 984px) 61vw, (max-width: 1362px) 45vw, 600px\" \/><figcaption>Pour la 10\u00e8me \u00e9dition, je ferai partie d\u2019une exposition collective au Hang\u2019Art, un lieu tr\u00e8s sympa \u00e0 deux pas de chez moi dans le 19\u00e8me arrondissement. J\u2019y pr\u00e9senterai une r\u00e9trospective de mes maintes participations \u00e0 ce festival iconique de la photo instantan\u00e9e. Venez nombreuses et nombreux. L&rsquo;exposition commence le 1er avril mais le vernissage se d\u00e9roulera  le 13 avril \u00e0 partir de 18h30.<br><br>For the 10th edition, I will be part of a collective exhibition at the Hang&rsquo;Art, a very nice place near my appartment in the 19th arrondissmeent. I will be showing a retrospective of all my participation to this iconic instant photography festival. Do not hesitate to come for a visit. The exhibition will start on the 1st of April but the great opening will take place on the 13th of April at 06:30 pm.<\/figcaption><\/figure>\n\n\n\n<p><\/p>\n\n\n\n<p><\/p>\n","protected":false},"excerpt":{"rendered":"","protected":false},"author":1,"featured_media":0,"comment_status":"open","ping_status":"open","sticky":false,"template":"","format":"standard","meta":{"advanced_seo_description":"","jetpack_seo_html_title":"","jetpack_seo_noindex":false,"jetpack_post_was_ever_published":false,"_jetpack_newsletter_access":"","_jetpack_dont_email_post_to_subs":false,"_jetpack_newsletter_tier_id":0,"_jetpack_memberships_contains_paywalled_content":false,"_jetpack_memberships_contains_paid_content":false,"footnotes":"","jetpack_publicize_message":"","jetpack_publicize_feature_enabled":true,"jetpack_social_post_already_shared":true,"jetpack_social_options":{"image_generator_settings":{"template":"highway","enabled":false},"version":2}},"categories":[3],"tags":[],"class_list":["post-1354","post","type-post","status-publish","format-standard","hentry","category-polaroid"],"jetpack_publicize_connections":[],"jetpack_featured_media_url":"","jetpack_sharing_enabled":true,"jetpack_shortlink":"https:\/\/wp.me\/p6d5SP-lQ","_links":{"self":[{"href":"https:\/\/www.lucmassontodeschini.com\/index.php?rest_route=\/wp\/v2\/posts\/1354"}],"collection":[{"href":"https:\/\/www.lucmassontodeschini.com\/index.php?rest_route=\/wp\/v2\/posts"}],"about":[{"href":"https:\/\/www.lucmassontodeschini.com\/index.php?rest_route=\/wp\/v2\/types\/post"}],"author":[{"embeddable":true,"href":"https:\/\/www.lucmassontodeschini.com\/index.php?rest_route=\/wp\/v2\/users\/1"}],"replies":[{"embeddable":true,"href":"https:\/\/www.lucmassontodeschini.com\/index.php?rest_route=%2Fwp%2Fv2%2Fcomments&post=1354"}],"version-history":[{"count":1,"href":"https:\/\/www.lucmassontodeschini.com\/index.php?rest_route=\/wp\/v2\/posts\/1354\/revisions"}],"predecessor-version":[{"id":1356,"href":"https:\/\/www.lucmassontodeschini.com\/index.php?rest_route=\/wp\/v2\/posts\/1354\/revisions\/1356"}],"wp:attachment":[{"href":"https:\/\/www.lucmassontodeschini.com\/index.php?rest_route=%2Fwp%2Fv2%2Fmedia&parent=1354"}],"wp:term":[{"taxonomy":"category","embeddable":true,"href":"https:\/\/www.lucmassontodeschini.com\/index.php?rest_route=%2Fwp%2Fv2%2Fcategories&post=1354"},{"taxonomy":"post_tag","embeddable":true,"href":"https:\/\/www.lucmassontodeschini.com\/index.php?rest_route=%2Fwp%2Fv2%2Ftags&post=1354"}],"curies":[{"name":"wp","href":"https:\/\/api.w.org\/{rel}","templated":true}]}}