{"id":1392,"date":"2023-09-06T20:36:41","date_gmt":"2023-09-06T19:36:41","guid":{"rendered":"https:\/\/www.lucmassontodeschini.com\/?p=1392"},"modified":"2023-09-07T11:31:02","modified_gmt":"2023-09-07T10:31:02","slug":"du-nouveau-enfin","status":"publish","type":"post","link":"https:\/\/www.lucmassontodeschini.com\/?p=1392","title":{"rendered":"Du nouveau, enfin!!!"},"content":{"rendered":"<div class=\"wp-block-image is-style-default\">\n<figure class=\"aligncenter size-large\"><a href=\"http:\/\/lecorpsdanslapeau.idan.fr\" target=\"_blank\" rel=\"noreferrer noopener\"><img loading=\"lazy\" decoding=\"async\" width=\"1024\" height=\"1024\" src=\"https:\/\/www.lucmassontodeschini.com\/wp-content\/uploads\/invit_corpsdanslapeau10X10_Page_1-1024x1024.jpg\" alt=\"Le corps dans la peau\" class=\"wp-image-1389\" srcset=\"https:\/\/www.lucmassontodeschini.com\/wp-content\/uploads\/invit_corpsdanslapeau10X10_Page_1-1024x1024.jpg 1024w, https:\/\/www.lucmassontodeschini.com\/wp-content\/uploads\/invit_corpsdanslapeau10X10_Page_1-300x300.jpg 300w, https:\/\/www.lucmassontodeschini.com\/wp-content\/uploads\/invit_corpsdanslapeau10X10_Page_1-150x150.jpg 150w, https:\/\/www.lucmassontodeschini.com\/wp-content\/uploads\/invit_corpsdanslapeau10X10_Page_1-768x768.jpg 768w, https:\/\/www.lucmassontodeschini.com\/wp-content\/uploads\/invit_corpsdanslapeau10X10_Page_1.jpg 1182w\" sizes=\"(max-width: 709px) 85vw, (max-width: 909px) 67vw, (max-width: 1362px) 62vw, 840px\" \/><\/a><figcaption class=\"wp-element-caption\">Le corps dans la peau, du 03 au 31 octobre 2023, vernissage le 05 octobre 2023 \u00e0 partir de 18h00.<\/figcaption><\/figure><\/div>\n\n\n<p>Apr\u00e8s une longue absence de mise \u00e0 jour sur mon site, li\u00e9e \u00e0 une perte d&rsquo;envie, d&rsquo;une ann\u00e9e difficile sur le plan personnel, je rebondis enfin avec une grosse actualit\u00e9 <\/p>\n\n\n\n<p><a href=\"http:\/\/www.studio-idan.fr\" data-type=\"link\" data-id=\"www.studio-idan.fr\">Idan <\/a><a rel=\"noreferrer noopener\" href=\"http:\/\/www.studio-idan.fr\" data-type=\"link\" data-id=\"www.studio-idan.fr\" target=\"_blank\">Wizen<\/a>, un ami photographe ayant pris ses quartiers r\u00e9cemment au 43 rue Beaubourg dans le 3\u00e8me arrondissement de Paris,  m&rsquo;a propos\u00e9 de m&rsquo;occuper du commissariat d&rsquo;exposition (on a tendance \u00e0 appeler curation de nos jours) d&rsquo;une exposition collective. <br>Le but, au travers du th\u00e8me \u00ab\u00a0Le Corps dans la Peau\u00a0\u00bb, est de faire dialoguer des \u0153uvres photographiques mais \u00e9galement des peintures, des sculptures ou des techniques mixtes, sous le prisme de l\u2019inclusivit\u00e9, de la red\u00e9finition des genres ou encore de la d\u00e9sexualisation. <br>Le corps et le rapport au corps est devenu un sujet central dans nos soci\u00e9t\u00e9s modernes. <br>La diversit\u00e9 artistique vise \u00e0 r\u00e9pondre \u00e0 ces interrogations et offre aux spectateurs des perspectives nouvelles. Si ces approches sont essentielles pour l\u2019art, l\u2019exposition rend \u00e9galement hommage \u00e0 une repr\u00e9sentation plus classique du corps humain qui tend \u00e0 \u00eatre relay\u00e9e au second plan du fait de certains diktats inh\u00e9rents \u00e0 certaines pens\u00e9es contemporaines. Pour tout savoir sur cette exposition, le calendrier des \u00e9v\u00e8nement et\/ou obtenir des invitations, une seule adresse: <a href=\"http:\/\/lecorpsdanslapeau.idan.fr\">l<\/a><a rel=\"noreferrer noopener\" href=\"http:\/\/lecorpsdanslapeau.idan.fr\" target=\"_blank\">ecorpsdanslapeau.idan<\/a><a href=\"http:\/\/lecorpsdanslapeau.idan.fr\">.fr <\/a><\/p>\n","protected":false},"excerpt":{"rendered":"<p>Apr\u00e8s une longue absence de mise \u00e0 jour sur mon site, li\u00e9e \u00e0 une perte d&rsquo;envie, d&rsquo;une ann\u00e9e difficile sur le plan personnel, je rebondis enfin avec une grosse actualit\u00e9 Idan Wizen, un ami photographe ayant pris ses quartiers r\u00e9cemment au 43 rue Beaubourg dans le 3\u00e8me arrondissement de Paris, m&rsquo;a propos\u00e9 de m&rsquo;occuper du &hellip; <a href=\"https:\/\/www.lucmassontodeschini.com\/?p=1392\" class=\"more-link\">Continuer la lecture<span class=\"screen-reader-text\"> de &laquo;&nbsp;Du nouveau, enfin!!!&nbsp;&raquo;<\/span><\/a><\/p>\n","protected":false},"author":1,"featured_media":0,"comment_status":"open","ping_status":"open","sticky":false,"template":"","format":"standard","meta":{"advanced_seo_description":"","jetpack_seo_html_title":"","jetpack_seo_noindex":false,"jetpack_post_was_ever_published":false,"_jetpack_newsletter_access":"","_jetpack_dont_email_post_to_subs":false,"_jetpack_newsletter_tier_id":0,"_jetpack_memberships_contains_paywalled_content":false,"_jetpack_memberships_contains_paid_content":false,"footnotes":"","jetpack_publicize_message":"","jetpack_publicize_feature_enabled":true,"jetpack_social_post_already_shared":true,"jetpack_social_options":{"image_generator_settings":{"template":"highway","enabled":false},"version":2}},"categories":[8,9,3],"tags":[37,33,35,34,36],"class_list":["post-1392","post","type-post","status-publish","format-standard","hentry","category-argentique","category-numerique","category-polaroid","tag-corps","tag-exposition","tag-peinture","tag-photo","tag-sculpture"],"jetpack_publicize_connections":[],"jetpack_featured_media_url":"","jetpack_sharing_enabled":true,"jetpack_shortlink":"https:\/\/wp.me\/p6d5SP-ms","_links":{"self":[{"href":"https:\/\/www.lucmassontodeschini.com\/index.php?rest_route=\/wp\/v2\/posts\/1392"}],"collection":[{"href":"https:\/\/www.lucmassontodeschini.com\/index.php?rest_route=\/wp\/v2\/posts"}],"about":[{"href":"https:\/\/www.lucmassontodeschini.com\/index.php?rest_route=\/wp\/v2\/types\/post"}],"author":[{"embeddable":true,"href":"https:\/\/www.lucmassontodeschini.com\/index.php?rest_route=\/wp\/v2\/users\/1"}],"replies":[{"embeddable":true,"href":"https:\/\/www.lucmassontodeschini.com\/index.php?rest_route=%2Fwp%2Fv2%2Fcomments&post=1392"}],"version-history":[{"count":6,"href":"https:\/\/www.lucmassontodeschini.com\/index.php?rest_route=\/wp\/v2\/posts\/1392\/revisions"}],"predecessor-version":[{"id":1398,"href":"https:\/\/www.lucmassontodeschini.com\/index.php?rest_route=\/wp\/v2\/posts\/1392\/revisions\/1398"}],"wp:attachment":[{"href":"https:\/\/www.lucmassontodeschini.com\/index.php?rest_route=%2Fwp%2Fv2%2Fmedia&parent=1392"}],"wp:term":[{"taxonomy":"category","embeddable":true,"href":"https:\/\/www.lucmassontodeschini.com\/index.php?rest_route=%2Fwp%2Fv2%2Fcategories&post=1392"},{"taxonomy":"post_tag","embeddable":true,"href":"https:\/\/www.lucmassontodeschini.com\/index.php?rest_route=%2Fwp%2Fv2%2Ftags&post=1392"}],"curies":[{"name":"wp","href":"https:\/\/api.w.org\/{rel}","templated":true}]}}