{"id":808,"date":"2018-03-24T19:20:42","date_gmt":"2018-03-24T18:20:42","guid":{"rendered":"http:\/\/www.lucmassontodeschini.com\/?p=808"},"modified":"2018-03-24T19:20:42","modified_gmt":"2018-03-24T18:20:42","slug":"fin-du-froid-le-printemps-est-la","status":"publish","type":"post","link":"https:\/\/www.lucmassontodeschini.com\/?p=808","title":{"rendered":"Fin du froid, le printemps est l\u00e0"},"content":{"rendered":"<figure id=\"attachment_806\" aria-describedby=\"caption-attachment-806\" style=\"width: 840px\" class=\"wp-caption aligncenter\"><a href=\"https:\/\/www.lucmassontodeschini.com\/wp-content\/uploads\/IMG_1297.jpg\"><img loading=\"lazy\" decoding=\"async\" class=\"size-large wp-image-806\" src=\"https:\/\/www.lucmassontodeschini.com\/wp-content\/uploads\/IMG_1297-1024x796.jpg\" alt=\"\" width=\"840\" height=\"653\" srcset=\"https:\/\/www.lucmassontodeschini.com\/wp-content\/uploads\/IMG_1297-1024x796.jpg 1024w, https:\/\/www.lucmassontodeschini.com\/wp-content\/uploads\/IMG_1297-300x233.jpg 300w, https:\/\/www.lucmassontodeschini.com\/wp-content\/uploads\/IMG_1297-768x597.jpg 768w, https:\/\/www.lucmassontodeschini.com\/wp-content\/uploads\/IMG_1297.jpg 1080w\" sizes=\"(max-width: 709px) 85vw, (max-width: 909px) 67vw, (max-width: 1362px) 62vw, 840px\" \/><\/a><figcaption id=\"caption-attachment-806\" class=\"wp-caption-text\">La tour Pr\u00e9lude a froid, mais c&rsquo;est bient\u00f4t termin\u00e9 \ud83d\ude42<\/figcaption><\/figure>\n<figure id=\"attachment_807\" aria-describedby=\"caption-attachment-807\" style=\"width: 840px\" class=\"wp-caption aligncenter\"><a href=\"https:\/\/www.lucmassontodeschini.com\/wp-content\/uploads\/IMG_1298.jpg\"><img loading=\"lazy\" decoding=\"async\" class=\"size-large wp-image-807\" src=\"https:\/\/www.lucmassontodeschini.com\/wp-content\/uploads\/IMG_1298-1024x1024.jpg\" alt=\"\" width=\"840\" height=\"840\" srcset=\"https:\/\/www.lucmassontodeschini.com\/wp-content\/uploads\/IMG_1298-1024x1024.jpg 1024w, https:\/\/www.lucmassontodeschini.com\/wp-content\/uploads\/IMG_1298-150x150.jpg 150w, https:\/\/www.lucmassontodeschini.com\/wp-content\/uploads\/IMG_1298-300x300.jpg 300w, https:\/\/www.lucmassontodeschini.com\/wp-content\/uploads\/IMG_1298-768x768.jpg 768w, https:\/\/www.lucmassontodeschini.com\/wp-content\/uploads\/IMG_1298.jpg 1080w\" sizes=\"(max-width: 709px) 85vw, (max-width: 909px) 67vw, (max-width: 1362px) 62vw, 840px\" \/><\/a><figcaption id=\"caption-attachment-807\" class=\"wp-caption-text\">La porte des flamands se pare de blanc&#8230; mois de mars neigeux, mais le printemps arrive enfin!<\/figcaption><\/figure>\n","protected":false},"excerpt":{"rendered":"","protected":false},"author":1,"featured_media":0,"comment_status":"open","ping_status":"open","sticky":false,"template":"","format":"standard","meta":{"advanced_seo_description":"","jetpack_seo_html_title":"","jetpack_seo_noindex":false,"jetpack_post_was_ever_published":false,"_jetpack_newsletter_access":"","_jetpack_dont_email_post_to_subs":false,"_jetpack_newsletter_tier_id":0,"_jetpack_memberships_contains_paywalled_content":false,"_jetpack_memberships_contains_paid_content":false,"footnotes":"","jetpack_publicize_message":"","jetpack_publicize_feature_enabled":true,"jetpack_social_post_already_shared":true,"jetpack_social_options":{"image_generator_settings":{"template":"highway","enabled":false},"version":2}},"categories":[9],"tags":[],"class_list":["post-808","post","type-post","status-publish","format-standard","hentry","category-numerique"],"jetpack_publicize_connections":[],"jetpack_featured_media_url":"","jetpack_sharing_enabled":true,"jetpack_shortlink":"https:\/\/wp.me\/p6d5SP-d2","_links":{"self":[{"href":"https:\/\/www.lucmassontodeschini.com\/index.php?rest_route=\/wp\/v2\/posts\/808"}],"collection":[{"href":"https:\/\/www.lucmassontodeschini.com\/index.php?rest_route=\/wp\/v2\/posts"}],"about":[{"href":"https:\/\/www.lucmassontodeschini.com\/index.php?rest_route=\/wp\/v2\/types\/post"}],"author":[{"embeddable":true,"href":"https:\/\/www.lucmassontodeschini.com\/index.php?rest_route=\/wp\/v2\/users\/1"}],"replies":[{"embeddable":true,"href":"https:\/\/www.lucmassontodeschini.com\/index.php?rest_route=%2Fwp%2Fv2%2Fcomments&post=808"}],"version-history":[{"count":1,"href":"https:\/\/www.lucmassontodeschini.com\/index.php?rest_route=\/wp\/v2\/posts\/808\/revisions"}],"predecessor-version":[{"id":809,"href":"https:\/\/www.lucmassontodeschini.com\/index.php?rest_route=\/wp\/v2\/posts\/808\/revisions\/809"}],"wp:attachment":[{"href":"https:\/\/www.lucmassontodeschini.com\/index.php?rest_route=%2Fwp%2Fv2%2Fmedia&parent=808"}],"wp:term":[{"taxonomy":"category","embeddable":true,"href":"https:\/\/www.lucmassontodeschini.com\/index.php?rest_route=%2Fwp%2Fv2%2Fcategories&post=808"},{"taxonomy":"post_tag","embeddable":true,"href":"https:\/\/www.lucmassontodeschini.com\/index.php?rest_route=%2Fwp%2Fv2%2Ftags&post=808"}],"curies":[{"name":"wp","href":"https:\/\/api.w.org\/{rel}","templated":true}]}}