{"id":912,"date":"2018-06-28T10:15:20","date_gmt":"2018-06-28T09:15:20","guid":{"rendered":"http:\/\/www.lucmassontodeschini.com\/?p=912"},"modified":"2018-06-28T10:21:58","modified_gmt":"2018-06-28T09:21:58","slug":"exposition-de-quartier-a-la-cite-michelet","status":"publish","type":"post","link":"https:\/\/www.lucmassontodeschini.com\/?p=912","title":{"rendered":"Exposition de quartier \u00e0 la cit\u00e9 Michelet"},"content":{"rendered":"<p>L&rsquo;association <a href=\"http:\/\/www.cliches-urbains.org\/\">Clich\u00e9s Urbains<\/a>, <a href=\"http:\/\/www.rqparis19.org\/\">la R\u00e9gie de quartier du 19\u00e8me<\/a>, ainsi que<a href=\"https:\/\/www.mairie19.paris.fr\/\"> la mairie du 19\u00e8me<\/a>, ont le plaisir de vous pr\u00e9senter une exposition collective qui est accroch\u00e9e du samedi 23 juin au mercredi 10 octobre. La peintre Graciela Castellano, le photographe Cl\u00e9ment Saavedra et moi m\u00eame sommes les artistes pr\u00e9sent\u00e9s sur les grilles de la cit\u00e9 Michelet, Rue Colette Magny dans le 19\u00e8me.<\/p>\n<p>N&rsquo;h\u00e9sitez pas \u00e0 y passer et appr\u00e9cier la mise en sc\u00e8ne de Mariche Devise. Le but de cette exposition est de pr\u00e9senter le 19\u00e8me autrement par ses aspects multiples.<\/p>\n<figure id=\"attachment_909\" aria-describedby=\"caption-attachment-909\" style=\"width: 654px\" class=\"wp-caption aligncenter\"><a href=\"https:\/\/www.lucmassontodeschini.com\/wp-content\/uploads\/panomichelet.jpg\"><img loading=\"lazy\" decoding=\"async\" class=\" wp-image-909\" src=\"https:\/\/www.lucmassontodeschini.com\/wp-content\/uploads\/panomichelet-300x111.jpg\" alt=\"\" width=\"654\" height=\"242\" srcset=\"https:\/\/www.lucmassontodeschini.com\/wp-content\/uploads\/panomichelet-300x111.jpg 300w, https:\/\/www.lucmassontodeschini.com\/wp-content\/uploads\/panomichelet-768x284.jpg 768w, https:\/\/www.lucmassontodeschini.com\/wp-content\/uploads\/panomichelet-1024x378.jpg 1024w, https:\/\/www.lucmassontodeschini.com\/wp-content\/uploads\/panomichelet-1200x443.jpg 1200w, https:\/\/www.lucmassontodeschini.com\/wp-content\/uploads\/panomichelet.jpg 2000w\" sizes=\"(max-width: 709px) 85vw, (max-width: 909px) 67vw, (max-width: 984px) 61vw, (max-width: 1362px) 45vw, 600px\" \/><\/a><figcaption id=\"caption-attachment-909\" class=\"wp-caption-text\">Panoramique au c\u0153ur de la cit\u00e9 Michelet<\/figcaption><\/figure>\n<figure id=\"attachment_910\" aria-describedby=\"caption-attachment-910\" style=\"width: 189px\" class=\"wp-caption alignleft\"><a href=\"https:\/\/www.lucmassontodeschini.com\/wp-content\/uploads\/img014.jpg\"><img loading=\"lazy\" decoding=\"async\" class=\"size-medium wp-image-910\" src=\"https:\/\/www.lucmassontodeschini.com\/wp-content\/uploads\/img014-189x300.jpg\" alt=\"\" width=\"189\" height=\"300\" srcset=\"https:\/\/www.lucmassontodeschini.com\/wp-content\/uploads\/img014-189x300.jpg 189w, https:\/\/www.lucmassontodeschini.com\/wp-content\/uploads\/img014-768x1221.jpg 768w, https:\/\/www.lucmassontodeschini.com\/wp-content\/uploads\/img014-644x1024.jpg 644w, https:\/\/www.lucmassontodeschini.com\/wp-content\/uploads\/img014-1200x1908.jpg 1200w\" sizes=\"(max-width: 189px) 85vw, 189px\" \/><\/a><figcaption id=\"caption-attachment-910\" class=\"wp-caption-text\">Bateau de visite sur le bassin de la Villette<\/figcaption><\/figure>\n<figure id=\"attachment_911\" aria-describedby=\"caption-attachment-911\" style=\"width: 225px\" class=\"wp-caption alignright\"><a href=\"https:\/\/www.lucmassontodeschini.com\/wp-content\/uploads\/UNADJUSTEDNONRAW_thumb_2e67.jpg\"><img loading=\"lazy\" decoding=\"async\" class=\"size-medium wp-image-911\" src=\"https:\/\/www.lucmassontodeschini.com\/wp-content\/uploads\/UNADJUSTEDNONRAW_thumb_2e67-225x300.jpg\" alt=\"\" width=\"225\" height=\"300\" srcset=\"https:\/\/www.lucmassontodeschini.com\/wp-content\/uploads\/UNADJUSTEDNONRAW_thumb_2e67-225x300.jpg 225w, https:\/\/www.lucmassontodeschini.com\/wp-content\/uploads\/UNADJUSTEDNONRAW_thumb_2e67.jpg 768w\" sizes=\"(max-width: 225px) 85vw, 225px\" \/><\/a><figcaption id=\"caption-attachment-911\" class=\"wp-caption-text\">La porte des flamands sous la neige<\/figcaption><\/figure>\n<figure id=\"attachment_907\" aria-describedby=\"caption-attachment-907\" style=\"width: 302px\" class=\"wp-caption aligncenter\"><a href=\"https:\/\/www.lucmassontodeschini.com\/wp-content\/uploads\/steno-michelet1-15-05-18-e1530177072925.jpg\"><img loading=\"lazy\" decoding=\"async\" class=\" wp-image-907\" src=\"https:\/\/www.lucmassontodeschini.com\/wp-content\/uploads\/steno-michelet1-15-05-18-e1530177072925-240x300.jpg\" alt=\"\" width=\"302\" height=\"378\" srcset=\"https:\/\/www.lucmassontodeschini.com\/wp-content\/uploads\/steno-michelet1-15-05-18-e1530177072925-240x300.jpg 240w, https:\/\/www.lucmassontodeschini.com\/wp-content\/uploads\/steno-michelet1-15-05-18-e1530177072925-768x960.jpg 768w, https:\/\/www.lucmassontodeschini.com\/wp-content\/uploads\/steno-michelet1-15-05-18-e1530177072925-820x1024.jpg 820w, https:\/\/www.lucmassontodeschini.com\/wp-content\/uploads\/steno-michelet1-15-05-18-e1530177072925-1200x1499.jpg 1200w\" sizes=\"(max-width: 302px) 85vw, 302px\" \/><\/a><figcaption id=\"caption-attachment-907\" class=\"wp-caption-text\">Immeubles au st\u00e9nop\u00e9<\/figcaption><\/figure>\n","protected":false},"excerpt":{"rendered":"<p>L&rsquo;association Clich\u00e9s Urbains, la R\u00e9gie de quartier du 19\u00e8me, ainsi que la mairie du 19\u00e8me, ont le plaisir de vous pr\u00e9senter une exposition collective qui est accroch\u00e9e du samedi 23 juin au mercredi 10 octobre. La peintre Graciela Castellano, le photographe Cl\u00e9ment Saavedra et moi m\u00eame sommes les artistes pr\u00e9sent\u00e9s sur les grilles de la &hellip; <a href=\"https:\/\/www.lucmassontodeschini.com\/?p=912\" class=\"more-link\">Continuer la lecture<span class=\"screen-reader-text\"> de &laquo;&nbsp;Exposition de quartier \u00e0 la cit\u00e9 Michelet&nbsp;&raquo;<\/span><\/a><\/p>\n","protected":false},"author":1,"featured_media":0,"comment_status":"open","ping_status":"open","sticky":false,"template":"","format":"standard","meta":{"advanced_seo_description":"","jetpack_seo_html_title":"","jetpack_seo_noindex":false,"jetpack_post_was_ever_published":false,"_jetpack_newsletter_access":"","_jetpack_dont_email_post_to_subs":false,"_jetpack_newsletter_tier_id":0,"_jetpack_memberships_contains_paywalled_content":false,"_jetpack_memberships_contains_paid_content":false,"footnotes":"","jetpack_publicize_message":"","jetpack_publicize_feature_enabled":true,"jetpack_social_post_already_shared":true,"jetpack_social_options":{"image_generator_settings":{"template":"highway","enabled":false},"version":2}},"categories":[8,9,3],"tags":[],"class_list":["post-912","post","type-post","status-publish","format-standard","hentry","category-argentique","category-numerique","category-polaroid"],"jetpack_publicize_connections":[],"jetpack_featured_media_url":"","jetpack_sharing_enabled":true,"jetpack_shortlink":"https:\/\/wp.me\/p6d5SP-eI","_links":{"self":[{"href":"https:\/\/www.lucmassontodeschini.com\/index.php?rest_route=\/wp\/v2\/posts\/912"}],"collection":[{"href":"https:\/\/www.lucmassontodeschini.com\/index.php?rest_route=\/wp\/v2\/posts"}],"about":[{"href":"https:\/\/www.lucmassontodeschini.com\/index.php?rest_route=\/wp\/v2\/types\/post"}],"author":[{"embeddable":true,"href":"https:\/\/www.lucmassontodeschini.com\/index.php?rest_route=\/wp\/v2\/users\/1"}],"replies":[{"embeddable":true,"href":"https:\/\/www.lucmassontodeschini.com\/index.php?rest_route=%2Fwp%2Fv2%2Fcomments&post=912"}],"version-history":[{"count":2,"href":"https:\/\/www.lucmassontodeschini.com\/index.php?rest_route=\/wp\/v2\/posts\/912\/revisions"}],"predecessor-version":[{"id":917,"href":"https:\/\/www.lucmassontodeschini.com\/index.php?rest_route=\/wp\/v2\/posts\/912\/revisions\/917"}],"wp:attachment":[{"href":"https:\/\/www.lucmassontodeschini.com\/index.php?rest_route=%2Fwp%2Fv2%2Fmedia&parent=912"}],"wp:term":[{"taxonomy":"category","embeddable":true,"href":"https:\/\/www.lucmassontodeschini.com\/index.php?rest_route=%2Fwp%2Fv2%2Fcategories&post=912"},{"taxonomy":"post_tag","embeddable":true,"href":"https:\/\/www.lucmassontodeschini.com\/index.php?rest_route=%2Fwp%2Fv2%2Ftags&post=912"}],"curies":[{"name":"wp","href":"https:\/\/api.w.org\/{rel}","templated":true}]}}